{"id":422,"date":"2018-04-01T10:24:34","date_gmt":"2018-04-01T10:24:34","guid":{"rendered":"https:\/\/dev.fuegoyamana.com\/abreu\/?p=422"},"modified":"2022-08-17T12:57:20","modified_gmt":"2022-08-17T12:57:20","slug":"abreu-s-a-se-muda-al-parque-industrial-de-mar-del-plata","status":"publish","type":"post","link":"https:\/\/abreu.com.ar\/desarrollo-filtros\/2018\/04\/01\/abreu-s-a-se-muda-al-parque-industrial-de-mar-del-plata\/","title":{"rendered":"Abreu S.A. se muda al parque industrial de Mar del Plata"},"content":{"rendered":"\n<p>Luego de la adquisici\u00f3n de un terreno de 10.000 metros cuadrados en el Parque Industrial de Mar del Plata, se ha finalizado con la construcci\u00f3n de nuestra nueva planta y oficinas, con una superficie cubierta de 3.000 metros cuadrados, lo que nos permitir\u00e1 continuar creciendo, continuar incorporando nuevas tecnolog\u00edas y continuar mejorando la atenci\u00f3n con nuestros clientes. Pueden encontrar nuestro nuevo domicilio y tel\u00e9fono en la secci\u00f3n Contacto.<\/p>\n\n\n\n<p>Esperamos pronto contar con su visita.<\/p>\n","protected":false},"excerpt":{"rendered":"<p>Luego de la adquisici\u00f3n de un terreno de 10.000 metros cuadrados en el Parque Industrial de Mar del Plata, se ha finalizado con la construcci\u00f3n de nuestra nueva planta y oficinas, con una superficie cubierta de 3.000 metros cuadrados, lo que nos permitir\u00e1 continuar creciendo, continuar incorporando nuevas tecnolog\u00edas y continuar mejorando la atenci\u00f3n con [&hellip;]<\/p>\n","protected":false},"author":3,"featured_media":423,"comment_status":"open","ping_status":"open","sticky":false,"template":"","format":"standard","meta":{"_acf_changed":false,"_et_pb_use_builder":"off","_et_pb_old_content":"","_et_gb_content_width":"","footnotes":"","_links_to":"","_links_to_target":""},"categories":[8],"tags":[],"class_list":["post-422","post","type-post","status-publish","format-standard","has-post-thumbnail","hentry","category-sin-categoria-es"],"acf":[],"_links":{"self":[{"href":"https:\/\/abreu.com.ar\/desarrollo-filtros\/wp-json\/wp\/v2\/posts\/422","targetHints":{"allow":["GET"]}}],"collection":[{"href":"https:\/\/abreu.com.ar\/desarrollo-filtros\/wp-json\/wp\/v2\/posts"}],"about":[{"href":"https:\/\/abreu.com.ar\/desarrollo-filtros\/wp-json\/wp\/v2\/types\/post"}],"author":[{"embeddable":true,"href":"https:\/\/abreu.com.ar\/desarrollo-filtros\/wp-json\/wp\/v2\/users\/3"}],"replies":[{"embeddable":true,"href":"https:\/\/abreu.com.ar\/desarrollo-filtros\/wp-json\/wp\/v2\/comments?post=422"}],"version-history":[{"count":0,"href":"https:\/\/abreu.com.ar\/desarrollo-filtros\/wp-json\/wp\/v2\/posts\/422\/revisions"}],"wp:featuredmedia":[{"embeddable":true,"href":"https:\/\/abreu.com.ar\/desarrollo-filtros\/wp-json\/wp\/v2\/media\/423"}],"wp:attachment":[{"href":"https:\/\/abreu.com.ar\/desarrollo-filtros\/wp-json\/wp\/v2\/media?parent=422"}],"wp:term":[{"taxonomy":"category","embeddable":true,"href":"https:\/\/abreu.com.ar\/desarrollo-filtros\/wp-json\/wp\/v2\/categories?post=422"},{"taxonomy":"post_tag","embeddable":true,"href":"https:\/\/abreu.com.ar\/desarrollo-filtros\/wp-json\/wp\/v2\/tags?post=422"}],"curies":[{"name":"wp","href":"https:\/\/api.w.org\/{rel}","templated":true}]}}