{"id":2023,"date":"2022-07-12T17:30:00","date_gmt":"2022-07-12T17:30:00","guid":{"rendered":"https:\/\/abreu.com.ar\/desarrollo-filtros\/?p=2023"},"modified":"2022-10-20T15:57:21","modified_gmt":"2022-10-20T15:57:21","slug":"innovacion-y-tendencias-de-argentina-para-el-mundo-tecnofidta-2022","status":"publish","type":"post","link":"https:\/\/abreu.com.ar\/desarrollo-filtros\/2022\/07\/12\/innovacion-y-tendencias-de-argentina-para-el-mundo-tecnofidta-2022\/","title":{"rendered":"Innovaci\u00f3n y tendencias, de Argentina para el mundo, TecnoFidta 2022"},"content":{"rendered":"\n<p>Entre los d\u00edas 28 de junio y 1 de julio estuvimos presentes en la <a rel=\"noreferrer noopener\" href=\"https:\/\/tecnofidta.ar.messefrankfurt.com\/buenos-aires\/es.html\" target=\"_blank\"><strong>15\u00b0 Exposici\u00f3n Internacional de Tecnolog\u00eda Alimentaria, Aditivos e Ingredientes &#8211; Tecno<\/strong><\/a><a href=\"https:\/\/tecnofidta.ar.messefrankfurt.com\/buenos-aires\/es.html\" target=\"_blank\" rel=\"noreferrer noopener\"><strong> <\/strong><\/a><a rel=\"noreferrer noopener\" href=\"https:\/\/tecnofidta.ar.messefrankfurt.com\/buenos-aires\/es.html\" target=\"_blank\"><strong>Fidta 2022<\/strong><\/a>, bienal que organiza <strong>Messe Frankfurt Argentina<\/strong>, en la que se congregaron m\u00e1s de <strong>10.000 empresarios y profesionales de la industria alimenticia de diferentes pa\u00edses<\/strong>.&nbsp;<\/p>\n\n\n\n<p>Fueron 4 d\u00edas de exhibici\u00f3n de las <strong>\u00faltimas tendencias e innovaciones tecnol\u00f3gicas<\/strong>, <strong>conferencias t\u00e9cnicas<\/strong>, <strong>demostraci\u00f3n de productos y punto de encuentro<\/strong> con los principales profesionales y tomadores de decisiones de la industria del procesamiento de productos alimenticios.<\/p>\n\n\n\n<p>Participaron m\u00e1s de <strong>130 empresas<\/strong> representando a <strong>500 marcas<\/strong>, y m\u00e1s de <strong>10.113 participantes de 25 pa\u00edses<\/strong> se hicieron lugar el <strong>Predio Ferial de La Rural<\/strong> para ser parte de la mayor exposici\u00f3n de tecnolog\u00eda alimentaria de la regi\u00f3n.<\/p>\n\n\n\n<p>Esta nueva edici\u00f3n de Tecno Fidta fue muy importante para nuestra empresa ya que nos permiti\u00f3 reunirnos nuevamente con muchos de nuestros clientes luego de cuatro a\u00f1os. Tuvimos adem\u00e1s la oportunidad de <strong>presentar dos equipos de \u00faltima tecnolog\u00eda.<\/strong> El primero, una <a rel=\"noreferrer noopener\" href=\"https:\/\/abreu.com.ar\/desarrollo-filtros\/project\/le-1405-lavadora-y-enjuagado-compacta\/\" target=\"_blank\"><strong>lavadora compacta de envases<\/strong><\/a>, cajas y\/o moldes, con un reducido consumo de agua, brindando una soluci\u00f3n sencilla y econ\u00f3mica a lo que respecta a higiene dentro de las plantas procesadoras.<br>El segundo, un <a rel=\"noreferrer noopener\" href=\"https:\/\/abreu.com.ar\/desarrollo-filtros\/productos-espirales\/\" target=\"_blank\"><strong>transportador en espiral<\/strong><\/a>, con tecnolog\u00eda <strong>DirectDrive<\/strong> patentada por <a rel=\"noreferrer noopener\" href=\"https:\/\/www.intralox.com\/es\/products\/spirals\" target=\"_blank\"><strong>Intralox<\/strong><\/a>, lo que permite contar con un espiral sin sobremarcha y con unas caracter\u00edsticas nuevas en la regi\u00f3n y muy diferentes a lo que se conoce normalmente en lo que respecta a espirales. Utilizando estos equipos tanto para el congelado, como el enfriado, secado y\/o fermentaci\u00f3n en toda la industria alimenticia.<\/p>\n\n\n\n<p>Agradecemos a quienes se hicieron presente en la exposici\u00f3n y esperamos verlos en la pr\u00f3xima edici\u00f3n de Tecno Fidta.<\/p>\n\n\n\n<p><\/p>\n\n\n\n<figure class=\"wp-block-gallery has-nested-images columns-default is-cropped wp-block-gallery-1 is-layout-flex wp-block-gallery-is-layout-flex\">\n<figure class=\"wp-block-image size-large\"><img decoding=\"async\" width=\"1920\" height=\"1080\" data-id=\"2020\" src=\"https:\/\/abreu.com.ar\/desarrollo-filtros\/wp-content\/uploads\/2022\/07\/Abreu-TecnoFidta2022-03.jpg\" alt=\"\" class=\"wp-image-2020\" srcset=\"https:\/\/abreu.com.ar\/desarrollo-filtros\/wp-content\/uploads\/2022\/07\/Abreu-TecnoFidta2022-03.jpg 1920w, https:\/\/abreu.com.ar\/desarrollo-filtros\/wp-content\/uploads\/2022\/07\/Abreu-TecnoFidta2022-03-1280x720.jpg 1280w, https:\/\/abreu.com.ar\/desarrollo-filtros\/wp-content\/uploads\/2022\/07\/Abreu-TecnoFidta2022-03-980x551.jpg 980w, https:\/\/abreu.com.ar\/desarrollo-filtros\/wp-content\/uploads\/2022\/07\/Abreu-TecnoFidta2022-03-480x270.jpg 480w\" sizes=\"(min-width: 0px) and (max-width: 480px) 480px, (min-width: 481px) and (max-width: 980px) 980px, (min-width: 981px) and (max-width: 1280px) 1280px, (min-width: 1281px) 1920px, 100vw\" \/><\/figure>\n\n\n\n<figure class=\"wp-block-image size-large\"><img decoding=\"async\" width=\"1920\" height=\"1080\" data-id=\"2019\" src=\"https:\/\/abreu.com.ar\/desarrollo-filtros\/wp-content\/uploads\/2022\/07\/Abreu-TecnoFidta2022-02.jpg\" alt=\"\" class=\"wp-image-2019\" srcset=\"https:\/\/abreu.com.ar\/desarrollo-filtros\/wp-content\/uploads\/2022\/07\/Abreu-TecnoFidta2022-02.jpg 1920w, https:\/\/abreu.com.ar\/desarrollo-filtros\/wp-content\/uploads\/2022\/07\/Abreu-TecnoFidta2022-02-1280x720.jpg 1280w, https:\/\/abreu.com.ar\/desarrollo-filtros\/wp-content\/uploads\/2022\/07\/Abreu-TecnoFidta2022-02-980x551.jpg 980w, https:\/\/abreu.com.ar\/desarrollo-filtros\/wp-content\/uploads\/2022\/07\/Abreu-TecnoFidta2022-02-480x270.jpg 480w\" sizes=\"(min-width: 0px) and (max-width: 480px) 480px, (min-width: 481px) and (max-width: 980px) 980px, (min-width: 981px) and (max-width: 1280px) 1280px, (min-width: 1281px) 1920px, 100vw\" \/><\/figure>\n\n\n\n<figure class=\"wp-block-image size-large\"><img decoding=\"async\" width=\"1920\" height=\"1080\" data-id=\"2018\" src=\"https:\/\/abreu.com.ar\/desarrollo-filtros\/wp-content\/uploads\/2022\/07\/Abreu-TecnoFidta2022-01.jpg\" alt=\"\" class=\"wp-image-2018\" srcset=\"https:\/\/abreu.com.ar\/desarrollo-filtros\/wp-content\/uploads\/2022\/07\/Abreu-TecnoFidta2022-01.jpg 1920w, https:\/\/abreu.com.ar\/desarrollo-filtros\/wp-content\/uploads\/2022\/07\/Abreu-TecnoFidta2022-01-1280x720.jpg 1280w, https:\/\/abreu.com.ar\/desarrollo-filtros\/wp-content\/uploads\/2022\/07\/Abreu-TecnoFidta2022-01-980x551.jpg 980w, https:\/\/abreu.com.ar\/desarrollo-filtros\/wp-content\/uploads\/2022\/07\/Abreu-TecnoFidta2022-01-480x270.jpg 480w\" sizes=\"(min-width: 0px) and (max-width: 480px) 480px, (min-width: 481px) and (max-width: 980px) 980px, (min-width: 981px) and (max-width: 1280px) 1280px, (min-width: 1281px) 1920px, 100vw\" \/><\/figure>\n\n\n\n<figure class=\"wp-block-image size-large\"><img decoding=\"async\" width=\"1920\" height=\"1080\" data-id=\"2021\" src=\"https:\/\/abreu.com.ar\/desarrollo-filtros\/wp-content\/uploads\/2022\/07\/Abreu-TecnoFidta2022-04.jpg\" alt=\"\" class=\"wp-image-2021\" srcset=\"https:\/\/abreu.com.ar\/desarrollo-filtros\/wp-content\/uploads\/2022\/07\/Abreu-TecnoFidta2022-04.jpg 1920w, https:\/\/abreu.com.ar\/desarrollo-filtros\/wp-content\/uploads\/2022\/07\/Abreu-TecnoFidta2022-04-1280x720.jpg 1280w, https:\/\/abreu.com.ar\/desarrollo-filtros\/wp-content\/uploads\/2022\/07\/Abreu-TecnoFidta2022-04-980x551.jpg 980w, https:\/\/abreu.com.ar\/desarrollo-filtros\/wp-content\/uploads\/2022\/07\/Abreu-TecnoFidta2022-04-480x270.jpg 480w\" sizes=\"(min-width: 0px) and (max-width: 480px) 480px, (min-width: 481px) and (max-width: 980px) 980px, (min-width: 981px) and (max-width: 1280px) 1280px, (min-width: 1281px) 1920px, 100vw\" \/><\/figure>\n<\/figure>\n","protected":false},"excerpt":{"rendered":"<p>Entre los d\u00edas 28 de junio y 1 de julio estuvimos presentes en la 15\u00b0 Exposici\u00f3n Internacional de Tecnolog\u00eda Alimentaria, Aditivos e Ingredientes &#8211; Tecno Fidta 2022, bienal que organiza Messe Frankfurt Argentina, en la que se congregaron m\u00e1s de 10.000 empresarios y profesionales de la industria alimenticia de diferentes pa\u00edses.&nbsp; Fueron 4 d\u00edas de [&hellip;]<\/p>\n","protected":false},"author":7,"featured_media":2022,"comment_status":"open","ping_status":"open","sticky":false,"template":"","format":"standard","meta":{"_acf_changed":false,"_et_pb_use_builder":"off","_et_pb_old_content":"","_et_gb_content_width":"","footnotes":"","_links_to":"","_links_to_target":""},"categories":[8,85],"tags":[],"class_list":["post-2023","post","type-post","status-publish","format-standard","has-post-thumbnail","hentry","category-sin-categoria-es","category-novedades"],"acf":[],"_links":{"self":[{"href":"https:\/\/abreu.com.ar\/desarrollo-filtros\/wp-json\/wp\/v2\/posts\/2023","targetHints":{"allow":["GET"]}}],"collection":[{"href":"https:\/\/abreu.com.ar\/desarrollo-filtros\/wp-json\/wp\/v2\/posts"}],"about":[{"href":"https:\/\/abreu.com.ar\/desarrollo-filtros\/wp-json\/wp\/v2\/types\/post"}],"author":[{"embeddable":true,"href":"https:\/\/abreu.com.ar\/desarrollo-filtros\/wp-json\/wp\/v2\/users\/7"}],"replies":[{"embeddable":true,"href":"https:\/\/abreu.com.ar\/desarrollo-filtros\/wp-json\/wp\/v2\/comments?post=2023"}],"version-history":[{"count":1,"href":"https:\/\/abreu.com.ar\/desarrollo-filtros\/wp-json\/wp\/v2\/posts\/2023\/revisions"}],"predecessor-version":[{"id":2801,"href":"https:\/\/abreu.com.ar\/desarrollo-filtros\/wp-json\/wp\/v2\/posts\/2023\/revisions\/2801"}],"wp:featuredmedia":[{"embeddable":true,"href":"https:\/\/abreu.com.ar\/desarrollo-filtros\/wp-json\/wp\/v2\/media\/2022"}],"wp:attachment":[{"href":"https:\/\/abreu.com.ar\/desarrollo-filtros\/wp-json\/wp\/v2\/media?parent=2023"}],"wp:term":[{"taxonomy":"category","embeddable":true,"href":"https:\/\/abreu.com.ar\/desarrollo-filtros\/wp-json\/wp\/v2\/categories?post=2023"},{"taxonomy":"post_tag","embeddable":true,"href":"https:\/\/abreu.com.ar\/desarrollo-filtros\/wp-json\/wp\/v2\/tags?post=2023"}],"curies":[{"name":"wp","href":"https:\/\/api.w.org\/{rel}","templated":true}]}}